{"id":33985,"date":"2025-09-19T10:09:27","date_gmt":"2025-09-19T10:09:27","guid":{"rendered":"https:\/\/s-m-art.it\/?post_type=news&#038;p=33985"},"modified":"2025-09-19T12:56:32","modified_gmt":"2025-09-19T12:56:32","slug":"smart-sicam-2025","status":"publish","type":"news","link":"https:\/\/s-m-art.it\/es\/news\/smart-sicam-2025\/","title":{"rendered":"SM\u2019art @SICAM 2025"},"content":{"rendered":"\n<p>SM&#8217;art te espera en SICAM 2025, la feria internacional dedicada a los componentes, semiacabados y accesorios para la industria del mueble. En esta edici\u00f3n, presentaremos en primicia una nueva colecci\u00f3n compuesta por siete tonos c\u00e1lidos de madera. Una propuesta que expresa toda la elegancia natural de la madera y que est\u00e1 pensada para inspirar nuevos proyectos de dise\u00f1o de interiores.<\/p>\n\n<p><\/p>\n\n<p><\/p>\n\n<p>\u00a1Reserva la fecha y ven a descubrir las novedades de SM&#8217;art!<\/p>\n\n<p><\/p>\n","protected":false},"excerpt":{"rendered":"<p>SM&#8217;art te espera en SICAM 2025, la feria internacional dedicada a los componentes, semiacabados y accesorios para la industria del mueble. En esta edici\u00f3n, presentaremos en primicia una nueva colecci\u00f3n compuesta por siete tonos c\u00e1lidos de madera. Una propuesta que expresa toda la elegancia natural de la madera y que est\u00e1 pensada para inspirar nuevos [&hellip;]<\/p>\n","protected":false},"featured_media":33979,"parent":0,"menu_order":0,"template":"","tipologia":[114],"class_list":["post-33985","news","type-news","status-publish","has-post-thumbnail","hentry","tipologia-eventos"],"acf":[],"_links":{"self":[{"href":"https:\/\/s-m-art.it\/es\/wp-json\/wp\/v2\/news\/33985","targetHints":{"allow":["GET"]}}],"collection":[{"href":"https:\/\/s-m-art.it\/es\/wp-json\/wp\/v2\/news"}],"about":[{"href":"https:\/\/s-m-art.it\/es\/wp-json\/wp\/v2\/types\/news"}],"wp:featuredmedia":[{"embeddable":true,"href":"https:\/\/s-m-art.it\/es\/wp-json\/wp\/v2\/media\/33979"}],"wp:attachment":[{"href":"https:\/\/s-m-art.it\/es\/wp-json\/wp\/v2\/media?parent=33985"}],"wp:term":[{"taxonomy":"tipologia","embeddable":true,"href":"https:\/\/s-m-art.it\/es\/wp-json\/wp\/v2\/tipologia?post=33985"}],"curies":[{"name":"wp","href":"https:\/\/api.w.org\/{rel}","templated":true}]}}