{"id":39457,"date":"2026-03-13T08:41:03","date_gmt":"2026-03-13T08:41:03","guid":{"rendered":"https:\/\/s-m-art.it\/?post_type=news&#038;p=39457"},"modified":"2026-03-13T08:41:04","modified_gmt":"2026-03-13T08:41:04","slug":"smart-interzum-guangzhou-2026","status":"publish","type":"news","link":"https:\/\/s-m-art.it\/es\/news\/smart-interzum-guangzhou-2026\/","title":{"rendered":"SM\u2019art @Interzum Guangzhou 2026"},"content":{"rendered":"\n<p>SM\u2019art participar\u00e1 en la pr\u00f3xima edici\u00f3n de\u00a0<strong>Interzum Guangzhou<\/strong>, que se celebrar\u00e1 del 28 al 31 de marzo en el complejo de la Feria de Cant\u00f3n de Guangzhou, punto de referencia internacional para fabricantes, dise\u00f1adores y profesionales del sector que buscan soluciones fiables y de alto nivel.<br\/><br\/>\u00a0<\/p>\n\n<p>La presencia de SM\u2019art en este evento supone una importante oportunidad estrat\u00e9gica para interactuar con el mercado asi\u00e1tico, cada vez m\u00e1s interesado en la calidad, la innovaci\u00f3n y el valor del Made in Italy. Una cita clave a nivel internacional que confirma el compromiso con la promoci\u00f3n de la excelencia italiana en el mundo.<\/p>\n","protected":false},"excerpt":{"rendered":"<p>SM\u2019art participar\u00e1 en la pr\u00f3xima edici\u00f3n de\u00a0Interzum Guangzhou, que se celebrar\u00e1 del 28 al 31 de marzo en el complejo de la Feria de Cant\u00f3n de Guangzhou, punto de referencia internacional para fabricantes, dise\u00f1adores y profesionales del sector que buscan soluciones fiables y de alto nivel. \u00a0 La presencia de SM\u2019art en este evento supone [&hellip;]<\/p>\n","protected":false},"featured_media":39454,"parent":0,"menu_order":0,"template":"","tipologia":[114],"class_list":["post-39457","news","type-news","status-publish","has-post-thumbnail","hentry","tipologia-eventos"],"acf":[],"_links":{"self":[{"href":"https:\/\/s-m-art.it\/es\/wp-json\/wp\/v2\/news\/39457","targetHints":{"allow":["GET"]}}],"collection":[{"href":"https:\/\/s-m-art.it\/es\/wp-json\/wp\/v2\/news"}],"about":[{"href":"https:\/\/s-m-art.it\/es\/wp-json\/wp\/v2\/types\/news"}],"wp:featuredmedia":[{"embeddable":true,"href":"https:\/\/s-m-art.it\/es\/wp-json\/wp\/v2\/media\/39454"}],"wp:attachment":[{"href":"https:\/\/s-m-art.it\/es\/wp-json\/wp\/v2\/media?parent=39457"}],"wp:term":[{"taxonomy":"tipologia","embeddable":true,"href":"https:\/\/s-m-art.it\/es\/wp-json\/wp\/v2\/tipologia?post=39457"}],"curies":[{"name":"wp","href":"https:\/\/api.w.org\/{rel}","templated":true}]}}